{"id":1015,"date":"2013-09-25T19:51:59","date_gmt":"2013-09-25T17:51:59","guid":{"rendered":"http:\/\/www.ars-pohlheim.net\/?p=1015"},"modified":"2013-12-11T07:06:55","modified_gmt":"2013-12-11T06:06:55","slug":"silbermedaille-fur-die-ars-jungs-im-fusball-kreisentscheid","status":"publish","type":"post","link":"https:\/\/www.ars-pohlheim.net\/?p=1015","title":{"rendered":"Silbermedaille f\u00fcr die ARS Jungs im Fu\u00dfball-Kreisentscheid"},"content":{"rendered":"<p>&nbsp;<\/p>\n<figure id=\"attachment_1016\" aria-describedby=\"caption-attachment-1016\" style=\"width: 300px\" class=\"wp-caption aligncenter\"><a href=\"http:\/\/www.ars-pohlheim.net\/?attachment_id=1016\" rel=\"attachment wp-att-1016\"><img loading=\"lazy\" class=\"size-medium wp-image-1016\" title=\"WKIII\" alt=\"\" src=\"http:\/\/www.ars-pohlheim.net\/wp-content\/uploads\/2013\/09\/WKIII-300x208.jpg\" width=\"300\" height=\"208\" srcset=\"https:\/\/www.ars-pohlheim.net\/wp-content\/uploads\/2013\/09\/WKIII-300x208.jpg 300w, https:\/\/www.ars-pohlheim.net\/wp-content\/uploads\/2013\/09\/WKIII.jpg 405w\" sizes=\"(max-width: 300px) 100vw, 300px\" \/><\/a><figcaption id=\"caption-attachment-1016\" class=\"wp-caption-text\">Unsere Silber-Jungs<\/figcaption><\/figure>\n<p>Nachdem sich die ARS Fu\u00dfballm\u00e4dels vergangene Woche souver\u00e4n den Kreismeister-Double sichern konnten, folgte am Mittwoch, den 25. September 2013 der Kreisentscheid unserer Jungs in der Wettkampfklasse 3 (Jg. 2000-2002).<!--more--><\/p>\n<p>&nbsp;<\/p>\n<p>An diesem Wettkampf nahmen insgesamt sieben Schulen teil. Neben der Mannschaft der Adolf-Reichwein-Schule Pohlheim waren es auch die der Clemens-Brentano-Schule Lollar, die Gesamtschule Allendorf-Lumdatal, die Anne-Frank-Schule Linden, die Gesamtschule Busecker-Tal, die Friedrich-Magnus-Schule Laubach und die Theo-Koch-Schule Gr\u00fcnberg. Betreut wurde die ARS-Mannschaft von Sportlehrer Christian H\u00e4ring und Lehramtsstudentin Yelda Bargello.<\/p>\n<p>&nbsp;<\/p>\n<p>Unsere Jungs haben sich an diesem Tag von ihrer sportlich besten Seite pr\u00e4sentiert und konnten die Gruppenphase nach drei Spielen als Gruppensieger mit sieben Punkten und 6:1 Toren f\u00fcr sich entscheiden. Im Halbfinale setzten sich die ARS-Truppe gegen die Clemens-Brentano-Schule aus Lollar mit 2:1 durch und konnte sich somit nach insgesamt vier ungeschlagenenen Spielen f\u00fcr das Finale qualifizieren.<\/p>\n<p>&nbsp;<\/p>\n<p>Im Finale traffen die Jungs auf den bereits bekannten Gruppengegner aus Buseck, dem sie sich trotz spielerisch guter Leistung mit 0:1 geschlagen geben mussten.<\/p>\n<p>&nbsp;<\/p>\n<p>In unserem Team k\u00e4mpften: Lucas Burger, Jonas Braun, Dennis Dobrowolski, Lukas Genslein, Petrus Malleh, Daniel Michel, Maik M\u00fcller, Manuel Ullmann, Lukas Masson, Yannik Wockelmann, Malvin Werth und Stefan Tasel.<\/p>\n<p>&nbsp;<\/p>\n","protected":false},"excerpt":{"rendered":"<p>&nbsp; Nachdem sich die ARS Fu\u00dfballm\u00e4dels vergangene Woche souver\u00e4n den Kreismeister-Double sichern konnten, folgte am Mittwoch, den 25. September 2013 der Kreisentscheid unserer Jungs in der Wettkampfklasse 3 (Jg. 2000-2002).<\/p>\n","protected":false},"author":1,"featured_media":0,"comment_status":"open","ping_status":"open","sticky":false,"template":"","format":"standard","meta":{"ngg_post_thumbnail":0},"categories":[1],"tags":[],"_links":{"self":[{"href":"https:\/\/www.ars-pohlheim.net\/index.php?rest_route=\/wp\/v2\/posts\/1015"}],"collection":[{"href":"https:\/\/www.ars-pohlheim.net\/index.php?rest_route=\/wp\/v2\/posts"}],"about":[{"href":"https:\/\/www.ars-pohlheim.net\/index.php?rest_route=\/wp\/v2\/types\/post"}],"author":[{"embeddable":true,"href":"https:\/\/www.ars-pohlheim.net\/index.php?rest_route=\/wp\/v2\/users\/1"}],"replies":[{"embeddable":true,"href":"https:\/\/www.ars-pohlheim.net\/index.php?rest_route=%2Fwp%2Fv2%2Fcomments&post=1015"}],"version-history":[{"count":8,"href":"https:\/\/www.ars-pohlheim.net\/index.php?rest_route=\/wp\/v2\/posts\/1015\/revisions"}],"predecessor-version":[{"id":1575,"href":"https:\/\/www.ars-pohlheim.net\/index.php?rest_route=\/wp\/v2\/posts\/1015\/revisions\/1575"}],"wp:attachment":[{"href":"https:\/\/www.ars-pohlheim.net\/index.php?rest_route=%2Fwp%2Fv2%2Fmedia&parent=1015"}],"wp:term":[{"taxonomy":"category","embeddable":true,"href":"https:\/\/www.ars-pohlheim.net\/index.php?rest_route=%2Fwp%2Fv2%2Fcategories&post=1015"},{"taxonomy":"post_tag","embeddable":true,"href":"https:\/\/www.ars-pohlheim.net\/index.php?rest_route=%2Fwp%2Fv2%2Ftags&post=1015"}],"curies":[{"name":"wp","href":"https:\/\/api.w.org\/{rel}","templated":true}]}}