{"id":10097,"date":"2022-04-12T19:28:56","date_gmt":"2022-04-12T17:28:56","guid":{"rendered":"http:\/\/www.ars-pohlheim.net\/?p=10097"},"modified":"2022-04-12T19:28:56","modified_gmt":"2022-04-12T17:28:56","slug":"finissage-meine-heimat-in-einem-geeinten-europa","status":"publish","type":"post","link":"https:\/\/www.ars-pohlheim.net\/?p=10097","title":{"rendered":"Finissage &#8211; meine Heimat in einem geeinten Europa"},"content":{"rendered":"\n<p>Mit einer gemeinsamen Ausstellung mit  39 Werken von Sch\u00fclerinnen und Sch\u00fclern der ARS und den Pohlheimer Partnerst\u00e4dten Admont (\u00d6sterreich) und Zirc (Ungarn) endeten am vergangenen Samstag die Jubil\u00e4umsfeierlichkeiten &#8222;50 Jahre Partnerschaft Pohlheim-Admont&#8220;.<\/p>\n\n\n\n<p>Bei der feierlichen  Abschlussveranstaltung im Pohlheimer Rathaus wurden u.a. im Beisein  der Landr\u00e4tin Anita Schneider (Schirmherrin), des Bundestagsabgeordneten Felix D\u00f6ring und des B\u00fcrgermeisters Andreas Ruck die besten Werke pr\u00e4miert. <\/p>\n\n\n\n<p>Unter den Gru\u00dfrednern waren auch  unsere Kunstlehrerinnen Filiz Bulut und Uschi Lanzet-Hallen, die in ihrer Rede deutlich machten, dass Kunst immer subjektiv ist und im Auge des Betrachters liegt. Das f\u00fcr die Sch\u00fclerinnen und Sch\u00fcler nicht ganz einfache Thema &#8222;Meine Heimat in einem geeinten Europa&#8220; hatten sie mit verschiedenen Lerngruppen aufgegriffen und konnten dabei Werke mit ganz unterschiedlichen Techniken und auch Aussagen zum Thema in Empfang nehmen.<br><\/p>\n\n\n\n<script type=\"text\/javascript\">jQuery(function() { _initLayerSlider( '#layerslider_25_77u4rytnvax1', {createdWith: '6.11.8', sliderVersion: '6.11.8', pauseOnHover: 'enabled', skin: 'v6', globalBGColor: '#d8e0e6', globalBGAttachment: 'fixed', navPrevNext: false, navStartStop: false, navButtons: false, showCircleTimer: false, useSrcset: true, skinsPath: 'https:\/\/www.ars-pohlheim.net\/wp-content\/plugins\/LayerSlider\/assets\/static\/layerslider\/skins\/'}); });<\/script><div id=\"layerslider_25_77u4rytnvax1\" class=\"ls-wp-container fitvidsignore\" style=\"width:1280px;height:720px;margin:0 auto;margin-bottom: 0px;\"><div class=\"ls-slide\" data-ls=\"duration:10000;transition3d:1;kenburnsscale:1.2;\"><img width=\"1185\" height=\"667\" src=\"https:\/\/www.ars-pohlheim.net\/wp-content\/uploads\/2022\/04\/Meine-Heimat-in-Europa.jpg\" class=\"ls-bg\" alt=\"\" srcset=\"https:\/\/www.ars-pohlheim.net\/wp-content\/uploads\/2022\/04\/Meine-Heimat-in-Europa.jpg 1185w, https:\/\/www.ars-pohlheim.net\/wp-content\/uploads\/2022\/04\/Meine-Heimat-in-Europa-300x169.jpg 300w, https:\/\/www.ars-pohlheim.net\/wp-content\/uploads\/2022\/04\/Meine-Heimat-in-Europa-1024x576.jpg 1024w, https:\/\/www.ars-pohlheim.net\/wp-content\/uploads\/2022\/04\/Meine-Heimat-in-Europa-768x432.jpg 768w\" sizes=\"(max-width: 1185px) 100vw, 1185px\" \/><\/div><div class=\"ls-slide\" data-ls=\"duration:5000;transition3d:1;transitionduration:3000;kenburnsscale:1.2;\"><img width=\"2560\" height=\"1707\" src=\"https:\/\/www.ars-pohlheim.net\/wp-content\/uploads\/2022\/04\/ARS-IMG_4545-scaled.jpg\" class=\"ls-bg\" alt=\"\" srcset=\"https:\/\/www.ars-pohlheim.net\/wp-content\/uploads\/2022\/04\/ARS-IMG_4545-scaled.jpg 2560w, https:\/\/www.ars-pohlheim.net\/wp-content\/uploads\/2022\/04\/ARS-IMG_4545-300x200.jpg 300w, https:\/\/www.ars-pohlheim.net\/wp-content\/uploads\/2022\/04\/ARS-IMG_4545-1024x683.jpg 1024w, https:\/\/www.ars-pohlheim.net\/wp-content\/uploads\/2022\/04\/ARS-IMG_4545-768x512.jpg 768w, https:\/\/www.ars-pohlheim.net\/wp-content\/uploads\/2022\/04\/ARS-IMG_4545-1536x1024.jpg 1536w, https:\/\/www.ars-pohlheim.net\/wp-content\/uploads\/2022\/04\/ARS-IMG_4545-2048x1365.jpg 2048w\" sizes=\"(max-width: 2560px) 100vw, 2560px\" \/><img width=\"1280\" height=\"720\" src=\"https:\/\/www.ars-pohlheim.net\/wp-content\/uploads\/2022\/04\/ls-slider-25-slide-2.jpg\" class=\"ls-tn\" alt=\"\" srcset=\"https:\/\/www.ars-pohlheim.net\/wp-content\/uploads\/2022\/04\/ls-slider-25-slide-2.jpg 1280w, https:\/\/www.ars-pohlheim.net\/wp-content\/uploads\/2022\/04\/ls-slider-25-slide-2-300x169.jpg 300w, https:\/\/www.ars-pohlheim.net\/wp-content\/uploads\/2022\/04\/ls-slider-25-slide-2-1024x576.jpg 1024w, https:\/\/www.ars-pohlheim.net\/wp-content\/uploads\/2022\/04\/ls-slider-25-slide-2-768x432.jpg 768w\" sizes=\"(max-width: 1280px) 100vw, 1280px\" \/><\/div><div class=\"ls-slide\" data-ls=\"duration:5000;transition3d:1;kenburnsscale:1.2;\"><img width=\"2560\" height=\"1707\" src=\"https:\/\/www.ars-pohlheim.net\/wp-content\/uploads\/2022\/04\/ARS-IMG_4512-scaled.jpg\" class=\"ls-bg\" alt=\"\" srcset=\"https:\/\/www.ars-pohlheim.net\/wp-content\/uploads\/2022\/04\/ARS-IMG_4512-scaled.jpg 2560w, https:\/\/www.ars-pohlheim.net\/wp-content\/uploads\/2022\/04\/ARS-IMG_4512-300x200.jpg 300w, https:\/\/www.ars-pohlheim.net\/wp-content\/uploads\/2022\/04\/ARS-IMG_4512-1024x683.jpg 1024w, https:\/\/www.ars-pohlheim.net\/wp-content\/uploads\/2022\/04\/ARS-IMG_4512-768x512.jpg 768w, https:\/\/www.ars-pohlheim.net\/wp-content\/uploads\/2022\/04\/ARS-IMG_4512-1536x1024.jpg 1536w, https:\/\/www.ars-pohlheim.net\/wp-content\/uploads\/2022\/04\/ARS-IMG_4512-2048x1365.jpg 2048w\" sizes=\"(max-width: 2560px) 100vw, 2560px\" \/><\/div><div class=\"ls-slide\" data-ls=\"duration:5000;transition3d:1;kenburnsscale:1.2;\"><img width=\"1296\" height=\"864\" src=\"https:\/\/www.ars-pohlheim.net\/wp-content\/uploads\/2022\/04\/Musikalische-Umrahmung-von-Talettea-und-Juli-Kosaca-IMG_4596.jpg\" class=\"ls-bg\" alt=\"\" srcset=\"https:\/\/www.ars-pohlheim.net\/wp-content\/uploads\/2022\/04\/Musikalische-Umrahmung-von-Talettea-und-Juli-Kosaca-IMG_4596.jpg 1296w, https:\/\/www.ars-pohlheim.net\/wp-content\/uploads\/2022\/04\/Musikalische-Umrahmung-von-Talettea-und-Juli-Kosaca-IMG_4596-300x200.jpg 300w, https:\/\/www.ars-pohlheim.net\/wp-content\/uploads\/2022\/04\/Musikalische-Umrahmung-von-Talettea-und-Juli-Kosaca-IMG_4596-1024x683.jpg 1024w, https:\/\/www.ars-pohlheim.net\/wp-content\/uploads\/2022\/04\/Musikalische-Umrahmung-von-Talettea-und-Juli-Kosaca-IMG_4596-768x512.jpg 768w\" sizes=\"(max-width: 1296px) 100vw, 1296px\" \/><\/div><div class=\"ls-slide\" data-ls=\"duration:5000;transition3d:1;kenburnsscale:1.2;\"><img width=\"2560\" height=\"1707\" src=\"https:\/\/www.ars-pohlheim.net\/wp-content\/uploads\/2022\/04\/Ilva-Hamo-Jakob-Ernst-Kandel-und-Anita-Schneider-IMG_4556-scaled.jpg\" class=\"ls-bg\" alt=\"\" srcset=\"https:\/\/www.ars-pohlheim.net\/wp-content\/uploads\/2022\/04\/Ilva-Hamo-Jakob-Ernst-Kandel-und-Anita-Schneider-IMG_4556-scaled.jpg 2560w, https:\/\/www.ars-pohlheim.net\/wp-content\/uploads\/2022\/04\/Ilva-Hamo-Jakob-Ernst-Kandel-und-Anita-Schneider-IMG_4556-300x200.jpg 300w, https:\/\/www.ars-pohlheim.net\/wp-content\/uploads\/2022\/04\/Ilva-Hamo-Jakob-Ernst-Kandel-und-Anita-Schneider-IMG_4556-1024x683.jpg 1024w, https:\/\/www.ars-pohlheim.net\/wp-content\/uploads\/2022\/04\/Ilva-Hamo-Jakob-Ernst-Kandel-und-Anita-Schneider-IMG_4556-768x512.jpg 768w, https:\/\/www.ars-pohlheim.net\/wp-content\/uploads\/2022\/04\/Ilva-Hamo-Jakob-Ernst-Kandel-und-Anita-Schneider-IMG_4556-1536x1024.jpg 1536w, https:\/\/www.ars-pohlheim.net\/wp-content\/uploads\/2022\/04\/Ilva-Hamo-Jakob-Ernst-Kandel-und-Anita-Schneider-IMG_4556-2048x1365.jpg 2048w\" sizes=\"(max-width: 2560px) 100vw, 2560px\" \/><\/div><div class=\"ls-slide\" data-ls=\"duration:5000;transition3d:1;kenburnsscale:1.2;\"><img width=\"2560\" height=\"1707\" src=\"https:\/\/www.ars-pohlheim.net\/wp-content\/uploads\/2022\/04\/Finissage-und-Praemierung-IMG_4582-scaled.jpg\" class=\"ls-bg\" alt=\"\" srcset=\"https:\/\/www.ars-pohlheim.net\/wp-content\/uploads\/2022\/04\/Finissage-und-Praemierung-IMG_4582-scaled.jpg 2560w, https:\/\/www.ars-pohlheim.net\/wp-content\/uploads\/2022\/04\/Finissage-und-Praemierung-IMG_4582-300x200.jpg 300w, https:\/\/www.ars-pohlheim.net\/wp-content\/uploads\/2022\/04\/Finissage-und-Praemierung-IMG_4582-1024x683.jpg 1024w, https:\/\/www.ars-pohlheim.net\/wp-content\/uploads\/2022\/04\/Finissage-und-Praemierung-IMG_4582-768x512.jpg 768w, https:\/\/www.ars-pohlheim.net\/wp-content\/uploads\/2022\/04\/Finissage-und-Praemierung-IMG_4582-1536x1024.jpg 1536w, https:\/\/www.ars-pohlheim.net\/wp-content\/uploads\/2022\/04\/Finissage-und-Praemierung-IMG_4582-2048x1365.jpg 2048w\" sizes=\"(max-width: 2560px) 100vw, 2560px\" \/><\/div><div class=\"ls-slide\" data-ls=\"duration:5000;transition3d:1;kenburnsscale:1.2;\"><img width=\"2560\" height=\"1707\" src=\"https:\/\/www.ars-pohlheim.net\/wp-content\/uploads\/2022\/04\/ARS-IMG_4571-scaled.jpg\" class=\"ls-bg\" alt=\"\" srcset=\"https:\/\/www.ars-pohlheim.net\/wp-content\/uploads\/2022\/04\/ARS-IMG_4571-scaled.jpg 2560w, https:\/\/www.ars-pohlheim.net\/wp-content\/uploads\/2022\/04\/ARS-IMG_4571-300x200.jpg 300w, https:\/\/www.ars-pohlheim.net\/wp-content\/uploads\/2022\/04\/ARS-IMG_4571-1024x683.jpg 1024w, https:\/\/www.ars-pohlheim.net\/wp-content\/uploads\/2022\/04\/ARS-IMG_4571-768x512.jpg 768w, https:\/\/www.ars-pohlheim.net\/wp-content\/uploads\/2022\/04\/ARS-IMG_4571-1536x1024.jpg 1536w, https:\/\/www.ars-pohlheim.net\/wp-content\/uploads\/2022\/04\/ARS-IMG_4571-2048x1365.jpg 2048w\" sizes=\"(max-width: 2560px) 100vw, 2560px\" \/><\/div><div class=\"ls-slide\" data-ls=\"duration:5000;transition3d:1;kenburnsscale:1.2;\"><img width=\"1274\" height=\"691\" src=\"https:\/\/www.ars-pohlheim.net\/wp-content\/uploads\/2022\/04\/Finissage-Bufi-Lanz-e1649480791476.jpg\" class=\"ls-bg\" alt=\"\" srcset=\"https:\/\/www.ars-pohlheim.net\/wp-content\/uploads\/2022\/04\/Finissage-Bufi-Lanz-e1649480791476.jpg 1274w, https:\/\/www.ars-pohlheim.net\/wp-content\/uploads\/2022\/04\/Finissage-Bufi-Lanz-e1649480791476-300x163.jpg 300w, https:\/\/www.ars-pohlheim.net\/wp-content\/uploads\/2022\/04\/Finissage-Bufi-Lanz-e1649480791476-1024x555.jpg 1024w, https:\/\/www.ars-pohlheim.net\/wp-content\/uploads\/2022\/04\/Finissage-Bufi-Lanz-e1649480791476-768x417.jpg 768w\" sizes=\"(max-width: 1274px) 100vw, 1274px\" \/><\/div><\/div>\n\n\n\n<p><\/p>\n\n\n\n<p>Alle  teilnehmenden Sch\u00fclerinnen und Sch\u00fcler erhielten hierbei ein kleines Pr\u00e4sent.  Ilva Hamo (Jg.10) und Noah Boncek (Jg. 7) wurden f\u00fcr Ihre Bilder dar\u00fcber hinaus mit einem Golddiplom ausgezeichnet.  Wir gratulieren herzlich!<\/p>\n\n\n\n<p>Petra Br\u00fcll, Schulleiterin<\/p>\n\n\n\n<div class=\"wp-block-file\"><a href=\"http:\/\/www.ars-pohlheim.net\/wp-content\/uploads\/2022\/04\/IMG_0405.jpg\">Gie\u00dfener Allgemeine, 06.04.22<\/a><a href=\"http:\/\/www.ars-pohlheim.net\/wp-content\/uploads\/2022\/04\/IMG_0405.jpg\" class=\"wp-block-file__button\" download>Herunterladen<\/a><\/div>\n\n\n\n<p><a href=\"http:\/\/www.ars-pohlheim.net\/wp-content\/uploads\/2022\/04\/Finissage_Pohlheimer-Nachrichten.pdf\" target=\"_blank\" rel=\"noreferrer noopener\">Pohlheimer Nachrichten, 07.04.22<\/a><\/p>\n\n\n\n<p><\/p>\n","protected":false},"excerpt":{"rendered":"<p>Mit einer gemeinsamen Ausstellung mit 39 Werken von Sch\u00fclerinnen und Sch\u00fclern der ARS und den Pohlheimer Partnerst\u00e4dten Admont (\u00d6sterreich) und Zirc (Ungarn) endeten am vergangenen Samstag die Jubil\u00e4umsfeierlichkeiten &#8222;50 Jahre Partnerschaft Pohlheim-Admont&#8220;. Bei der feierlichen Abschlussveranstaltung im Pohlheimer Rathaus wurden u.a. im Beisein der Landr\u00e4tin Anita Schneider (Schirmherrin), des Bundestagsabgeordneten Felix D\u00f6ring und des B\u00fcrgermeisters &hellip; <a href=\"https:\/\/www.ars-pohlheim.net\/?p=10097\" class=\"more-link\"><span class=\"screen-reader-text\">Finissage &#8211; meine Heimat in einem geeinten Europa<\/span> weiterlesen <span class=\"meta-nav\">&rarr;<\/span><\/a><\/p>\n","protected":false},"author":15,"featured_media":0,"comment_status":"closed","ping_status":"closed","sticky":false,"template":"","format":"standard","meta":{"ngg_post_thumbnail":0},"categories":[1],"tags":[],"_links":{"self":[{"href":"https:\/\/www.ars-pohlheim.net\/index.php?rest_route=\/wp\/v2\/posts\/10097"}],"collection":[{"href":"https:\/\/www.ars-pohlheim.net\/index.php?rest_route=\/wp\/v2\/posts"}],"about":[{"href":"https:\/\/www.ars-pohlheim.net\/index.php?rest_route=\/wp\/v2\/types\/post"}],"author":[{"embeddable":true,"href":"https:\/\/www.ars-pohlheim.net\/index.php?rest_route=\/wp\/v2\/users\/15"}],"replies":[{"embeddable":true,"href":"https:\/\/www.ars-pohlheim.net\/index.php?rest_route=%2Fwp%2Fv2%2Fcomments&post=10097"}],"version-history":[{"count":8,"href":"https:\/\/www.ars-pohlheim.net\/index.php?rest_route=\/wp\/v2\/posts\/10097\/revisions"}],"predecessor-version":[{"id":10109,"href":"https:\/\/www.ars-pohlheim.net\/index.php?rest_route=\/wp\/v2\/posts\/10097\/revisions\/10109"}],"wp:attachment":[{"href":"https:\/\/www.ars-pohlheim.net\/index.php?rest_route=%2Fwp%2Fv2%2Fmedia&parent=10097"}],"wp:term":[{"taxonomy":"category","embeddable":true,"href":"https:\/\/www.ars-pohlheim.net\/index.php?rest_route=%2Fwp%2Fv2%2Fcategories&post=10097"},{"taxonomy":"post_tag","embeddable":true,"href":"https:\/\/www.ars-pohlheim.net\/index.php?rest_route=%2Fwp%2Fv2%2Ftags&post=10097"}],"curies":[{"name":"wp","href":"https:\/\/api.w.org\/{rel}","templated":true}]}}