{"id":10043,"date":"2022-04-02T13:38:37","date_gmt":"2022-04-02T11:38:37","guid":{"rendered":"http:\/\/www.ars-pohlheim.net\/?p=10043"},"modified":"2022-04-02T20:40:44","modified_gmt":"2022-04-02T18:40:44","slug":"ukraine-aktion-an-der-ars","status":"publish","type":"post","link":"https:\/\/www.ars-pohlheim.net\/?p=10043","title":{"rendered":"Ukraine-Aktion an der ARS"},"content":{"rendered":"\n<p>Wir alle sind best\u00fcrzt \u00fcber den Krieg in der Ukraine, der nun seit drei Wochen dort w\u00fctet und sehr viel Leid erzeugt. Es macht uns fassungslos, wir alle sind tief betroffen! Dagegen haben wir ein Zeichen gesetzt: <\/p>\n\n\n<script type=\"text\/javascript\">jQuery(function() { _initLayerSlider( '#layerslider_24_1u94nq8netldv', {createdWith: '6.11.8', sliderVersion: '6.11.8', pauseOnHover: 'enabled', keybNav: false, skin: 'v6', navPrevNext: false, navStartStop: false, navButtons: false, showCircleTimer: false, useSrcset: true, skinsPath: 'https:\/\/www.ars-pohlheim.net\/wp-content\/plugins\/LayerSlider\/assets\/static\/layerslider\/skins\/'}); });<\/script><div id=\"layerslider_24_1u94nq8netldv\" class=\"ls-wp-container fitvidsignore\" style=\"width:1280px;height:720px;margin:0 auto;margin-bottom: 0px;\"><div class=\"ls-slide\" data-ls=\"duration:10000;transition2d:5;kenburnszoom:in;kenburnsscale:1.2;\"><img width=\"1995\" height=\"1125\" src=\"https:\/\/www.ars-pohlheim.net\/wp-content\/uploads\/2022\/03\/ATU1.jpg\" class=\"ls-bg\" alt=\"\" srcset=\"https:\/\/www.ars-pohlheim.net\/wp-content\/uploads\/2022\/03\/ATU1.jpg 1995w, https:\/\/www.ars-pohlheim.net\/wp-content\/uploads\/2022\/03\/ATU1-300x169.jpg 300w, https:\/\/www.ars-pohlheim.net\/wp-content\/uploads\/2022\/03\/ATU1-1024x577.jpg 1024w, https:\/\/www.ars-pohlheim.net\/wp-content\/uploads\/2022\/03\/ATU1-768x433.jpg 768w, https:\/\/www.ars-pohlheim.net\/wp-content\/uploads\/2022\/03\/ATU1-1536x866.jpg 1536w\" sizes=\"(max-width: 1995px) 100vw, 1995px\" \/><\/div><div class=\"ls-slide\" data-ls=\"duration:10000;transition2d:5;kenburnszoom:in;kenburnsscale:1.2;\"><img width=\"2001\" height=\"1122\" src=\"https:\/\/www.ars-pohlheim.net\/wp-content\/uploads\/2022\/03\/ATU3.jpg\" class=\"ls-bg\" alt=\"\" srcset=\"https:\/\/www.ars-pohlheim.net\/wp-content\/uploads\/2022\/03\/ATU3.jpg 2001w, https:\/\/www.ars-pohlheim.net\/wp-content\/uploads\/2022\/03\/ATU3-300x168.jpg 300w, https:\/\/www.ars-pohlheim.net\/wp-content\/uploads\/2022\/03\/ATU3-1024x574.jpg 1024w, https:\/\/www.ars-pohlheim.net\/wp-content\/uploads\/2022\/03\/ATU3-768x431.jpg 768w, https:\/\/www.ars-pohlheim.net\/wp-content\/uploads\/2022\/03\/ATU3-1536x861.jpg 1536w\" sizes=\"(max-width: 2001px) 100vw, 2001px\" \/><\/div><div class=\"ls-slide\" data-ls=\"duration:10000;transition2d:5;kenburnszoom:out;kenburnsscale:1.2;\"><img width=\"1998\" height=\"1122\" src=\"https:\/\/www.ars-pohlheim.net\/wp-content\/uploads\/2022\/03\/ATU2.jpg\" class=\"ls-bg\" alt=\"\" srcset=\"https:\/\/www.ars-pohlheim.net\/wp-content\/uploads\/2022\/03\/ATU2.jpg 1998w, https:\/\/www.ars-pohlheim.net\/wp-content\/uploads\/2022\/03\/ATU2-300x168.jpg 300w, https:\/\/www.ars-pohlheim.net\/wp-content\/uploads\/2022\/03\/ATU2-1024x575.jpg 1024w, https:\/\/www.ars-pohlheim.net\/wp-content\/uploads\/2022\/03\/ATU2-768x431.jpg 768w, https:\/\/www.ars-pohlheim.net\/wp-content\/uploads\/2022\/03\/ATU2-1536x863.jpg 1536w\" sizes=\"(max-width: 1998px) 100vw, 1998px\" \/><\/div><div class=\"ls-slide\" data-ls=\"duration:10000;transition2d:5;kenburnszoom:out;kenburnsscale:1.2;\"><img width=\"1997\" height=\"1120\" src=\"https:\/\/www.ars-pohlheim.net\/wp-content\/uploads\/2022\/03\/ATU4.jpg\" class=\"ls-bg\" alt=\"\" srcset=\"https:\/\/www.ars-pohlheim.net\/wp-content\/uploads\/2022\/03\/ATU4.jpg 1997w, https:\/\/www.ars-pohlheim.net\/wp-content\/uploads\/2022\/03\/ATU4-300x168.jpg 300w, https:\/\/www.ars-pohlheim.net\/wp-content\/uploads\/2022\/03\/ATU4-1024x574.jpg 1024w, https:\/\/www.ars-pohlheim.net\/wp-content\/uploads\/2022\/03\/ATU4-768x431.jpg 768w, https:\/\/www.ars-pohlheim.net\/wp-content\/uploads\/2022\/03\/ATU4-1536x861.jpg 1536w\" sizes=\"(max-width: 1997px) 100vw, 1997px\" \/><\/div><div class=\"ls-slide\" data-ls=\"duration:10000;transition2d:5;kenburnszoom:in;kenburnsscale:1.2;\"><img width=\"1997\" height=\"1122\" src=\"https:\/\/www.ars-pohlheim.net\/wp-content\/uploads\/2022\/03\/ATU5.jpg\" class=\"ls-bg\" alt=\"\" srcset=\"https:\/\/www.ars-pohlheim.net\/wp-content\/uploads\/2022\/03\/ATU5.jpg 1997w, https:\/\/www.ars-pohlheim.net\/wp-content\/uploads\/2022\/03\/ATU5-300x169.jpg 300w, https:\/\/www.ars-pohlheim.net\/wp-content\/uploads\/2022\/03\/ATU5-1024x575.jpg 1024w, https:\/\/www.ars-pohlheim.net\/wp-content\/uploads\/2022\/03\/ATU5-768x431.jpg 768w, https:\/\/www.ars-pohlheim.net\/wp-content\/uploads\/2022\/03\/ATU5-1536x863.jpg 1536w\" sizes=\"(max-width: 1997px) 100vw, 1997px\" \/><\/div><\/div>\n\n\n\n<p><\/p>\n\n\n\n<p>Zeitgleich um 12:15 Uhr haben sich auf 12 Schulh\u00f6fen der weiterf\u00fchrenden Schulen in der Stadt Gie\u00dfen und im Landkreis die Sch\u00fclerinnen und Sch\u00fcler mit ihren Lehrkr\u00e4ften versammelt, um gemeinsam das Lied \u201eLegacy\u201c von Chris de Burgh, welches er den Menschen der Ukraine widmete, zu singen. Die Botschaft des Liedes:<strong> \u201eEine Stimme ist wenig, eine Million Stimmen k\u00f6nnen die Welt ver\u00e4ndern\u201c&nbsp;<\/strong>brachte die Idee von Solidarit\u00e4t und Mitgef\u00fchl f\u00fcr die Opfer eines Krieges passend zum Ausdruck. Wir stehen f\u00fcr ein friedliches Miteinander, wir sind solidarisch! <\/p>\n\n\n\n<p>Zuvor hatte ein Teil unserer Lernenden schon das Wort PEACE auf dem Hof gestellt, w\u00e4hrend von John Lennon das Lied \u201eImagine\u201c abgespielt wurde. Alle Sch\u00fclerinnen und Sch\u00fcler wie auch die Kollegien der beteiligten Schulen sind aufgefordert, wenn m\u00f6glich einen Euro (gern auch mehr) zu spenden, wobei der gesamte Betrag der 12 Schulen dann in noch festzulegender Weise an die Opfer des Ukraine-Krieges gehen wird. Auf diese Weise kann aus vielen kleinen Beitr\u00e4gen eine gro\u00dfe Summe werden!<\/p>\n\n\n\n<div class=\"wp-block-media-text alignfull is-stacked-on-mobile is-vertically-aligned-center\" style=\"grid-template-columns:56% auto\"><figure class=\"wp-block-media-text__media\"><a href=\"http:\/\/www.ars-pohlheim.net\/wp-content\/uploads\/2022\/03\/Ukraine-Sonntagmorgenmagazin-e1647760736798.png\"><img src=\"http:\/\/www.ars-pohlheim.net\/wp-content\/uploads\/2022\/03\/Ukraine-Sonntagmorgenmagazin.png\" alt=\"\" class=\"wp-image-10048 size-full\"\/><\/a><\/figure><div class=\"wp-block-media-text__content\">\n<h6 class=\"has-text-align-center has-text-color\" style=\"color:#000000\">Solidarit\u00e4t mit den Menschen in der Ukraine<\/h6>\n\n\n\n<p class=\"has-text-align-center has-extra-small-font-size\"><a rel=\"noreferrer noopener\" href=\"https:\/\/www.sonntag-morgenmagazin.eu\/epaper\/epa2952,86667\" target=\"_blank\">Sonntag Morgenmazin<br><\/a>20.03.22<a href=\"#\"> <\/a><a href=\"https:\/\/www.sonntag-morgenmagazin.eu\/epaper\/epa2952,86667\" target=\"_blank\" rel=\"noreferrer noopener\">&#x2197;<\/a><\/p>\n<\/div><\/div>\n\n\n\n<p>Die Siegerinnen und Sieger des Vorlesewettbewerbs im Jg. 6 haben gemeinsam aus der Gru\u00dfbotschaft einer Ukrainerin (Anna Grechyshkina) Ausz\u00fcge vorgelesen, die sich f\u00fcr die Aktion bedankte. Selbst Chris de Burgh hatte im Vorfeld von der geplanten Kundgebung der Gie\u00dfener Schulen geh\u00f6rt und so konnte die Schulleiterin Petra Br\u00fcll der versammelten Schulgemeinde seine besten W\u00fcnsche zum Gelingen der Aktion \u00fcbermitteln! Die Kollegin und Pfarrerin Marisa Mann betonte noch einmal, welch gro\u00dfe Bedeutung das friedliche Zusammenleben aller Menschen hat und wie wichtig unsere Solidarit\u00e4t ist. Am Ende ihres Beitrags lie\u00dfen Sch\u00fclerinnen und Sch\u00fcler 100 gelbe und blaue Ballons mit angeknoteten Friedensbotschaften in Form von Tauben in den Himmel steigen.&nbsp;<\/p>\n\n\n\n<p>Herzliche Gr\u00fc\u00dfe<br>Petra Br\u00fcll, Schulleiterin<br>Thomas Krumbiegel, Stv. Schulleiter<\/p>\n","protected":false},"excerpt":{"rendered":"<p>Wir alle sind best\u00fcrzt \u00fcber den Krieg in der Ukraine, der nun seit drei Wochen dort w\u00fctet und sehr viel Leid erzeugt. Es macht uns fassungslos, wir alle sind tief betroffen! Dagegen haben wir ein Zeichen gesetzt: Zeitgleich um 12:15 Uhr haben sich auf 12 Schulh\u00f6fen der weiterf\u00fchrenden Schulen in der Stadt Gie\u00dfen und im &hellip; <a href=\"https:\/\/www.ars-pohlheim.net\/?p=10043\" class=\"more-link\"><span class=\"screen-reader-text\">Ukraine-Aktion an der ARS<\/span> weiterlesen <span class=\"meta-nav\">&rarr;<\/span><\/a><\/p>\n","protected":false},"author":15,"featured_media":0,"comment_status":"closed","ping_status":"closed","sticky":false,"template":"","format":"standard","meta":{"ngg_post_thumbnail":0},"categories":[1],"tags":[],"_links":{"self":[{"href":"https:\/\/www.ars-pohlheim.net\/index.php?rest_route=\/wp\/v2\/posts\/10043"}],"collection":[{"href":"https:\/\/www.ars-pohlheim.net\/index.php?rest_route=\/wp\/v2\/posts"}],"about":[{"href":"https:\/\/www.ars-pohlheim.net\/index.php?rest_route=\/wp\/v2\/types\/post"}],"author":[{"embeddable":true,"href":"https:\/\/www.ars-pohlheim.net\/index.php?rest_route=\/wp\/v2\/users\/15"}],"replies":[{"embeddable":true,"href":"https:\/\/www.ars-pohlheim.net\/index.php?rest_route=%2Fwp%2Fv2%2Fcomments&post=10043"}],"version-history":[{"count":6,"href":"https:\/\/www.ars-pohlheim.net\/index.php?rest_route=\/wp\/v2\/posts\/10043\/revisions"}],"predecessor-version":[{"id":10051,"href":"https:\/\/www.ars-pohlheim.net\/index.php?rest_route=\/wp\/v2\/posts\/10043\/revisions\/10051"}],"wp:attachment":[{"href":"https:\/\/www.ars-pohlheim.net\/index.php?rest_route=%2Fwp%2Fv2%2Fmedia&parent=10043"}],"wp:term":[{"taxonomy":"category","embeddable":true,"href":"https:\/\/www.ars-pohlheim.net\/index.php?rest_route=%2Fwp%2Fv2%2Fcategories&post=10043"},{"taxonomy":"post_tag","embeddable":true,"href":"https:\/\/www.ars-pohlheim.net\/index.php?rest_route=%2Fwp%2Fv2%2Ftags&post=10043"}],"curies":[{"name":"wp","href":"https:\/\/api.w.org\/{rel}","templated":true}]}}